[{"@context":"https:\/\/schema.org\/","@type":"Article","@id":"https:\/\/www.bornet.sk\/prirodna-vona\/#Article","mainEntityOfPage":"https:\/\/www.bornet.sk\/prirodna-vona\/","headline":"Pr\u00edrodn\u00e1 v\u00f4\u0148a","name":"Pr\u00edrodn\u00e1 v\u00f4\u0148a","description":"Ke\u010f si be\u017en\u00fd \u010dlovek predstav\u00ed in\u00e9ho \u010dloveka, ktor\u00fd je ekologicky zm\u00fd\u0161\u013eaj\u00faci, naklonen\u00fd pr\u00edrode alebo jednoducho eko maniak, tak si pomysl\u00ed, \u017ee vyzer\u00e1 asi takto: mastn\u00e9 &hellip; ","datePublished":"2022-09-13","dateModified":"2024-02-20","author":{"@type":"Person","@id":"https:\/\/www.bornet.sk\/author\/#Person","name":"","url":"https:\/\/www.bornet.sk\/author\/","identifier":1,"image":{"@type":"ImageObject","@id":"https:\/\/secure.gravatar.com\/avatar\/69bd9b72104e3ccfb6214cbd23cb226f96c6ecf33a2a351fa1d4682235118df3?s=96&d=mm&r=g","url":"https:\/\/secure.gravatar.com\/avatar\/69bd9b72104e3ccfb6214cbd23cb226f96c6ecf33a2a351fa1d4682235118df3?s=96&d=mm&r=g","height":96,"width":96}},"publisher":{"@type":"Organization","name":"bornet.sk","logo":{"@type":"ImageObject","@id":"\/logo.png","url":"\/logo.png","width":600,"height":60}},"image":{"@type":"ImageObject","@id":"https:\/\/www.bornet.sk\/wp-content\/uploads\/woman-3345157_1920.jpg","url":"https:\/\/www.bornet.sk\/wp-content\/uploads\/woman-3345157_1920.jpg","height":0,"width":0},"url":"https:\/\/www.bornet.sk\/prirodna-vona\/","about":["Business"],"wordCount":385,"articleBody":"              Ke\u010f si be\u017en\u00fd \u010dlovek predstav\u00ed in\u00e9ho \u010dloveka, ktor\u00fd je ekologicky zm\u00fd\u0161\u013eaj\u00faci, naklonen\u00fd pr\u00edrode alebo jednoducho eko maniak, tak si pomysl\u00ed, \u017ee vyzer\u00e1 asi takto: mastn\u00e9 vlasy, oble\u010denie z minul\u00e9ho storo\u010dia alebo oble\u010denie, ktor\u00e9 h\u00fdri farbami, neupraven\u00e1 ple\u0165, nenama\u013eovan\u00e9 o\u010di, ak sa jedn\u00e1 o \u017eenu, vyrasten\u00e9 \u0161ediv\u00e9 vlasy a okolo neho sa \u0161\u00edri z\u00e1pach. Ak aj nie z\u00e1pach, tak vyslovene v\u00e1m nijako nevonia. Toto v\u0161ak nemus\u00ed by\u0165 v\u00f4bec pravda. D\u00e1 sa vo\u0148a\u0165 aj ekologicky. D\u00e1 sa pou\u017e\u00edva\u0165 aj deodorant, ktor\u00fd neza\u0165a\u017euje \u017eivotn\u00e9 prostredie a z\u00e1rove\u0148 pekne vonia. Po\u010fte zb\u00fara\u0165 v\u0161etky predsudky. Najv\u00e4\u010d\u0161\u00ed probl\u00e9m pri deodorantoch je v tom, \u017ee mnoh\u00e9 z nich obsahuj\u00fa hlin\u00edk. Ten zamedzuje poteniu, to v\u0161ak nie je pre telo \u017eiad\u00face. Ka\u017ed\u00fd \u010dlovek sa potrebuje poti\u0165. Vylu\u010duje tak zo svojho tela \u0161kodliv\u00e9 l\u00e1tky. Pr\u00edrodn\u00e9 deodoranty bez hlin\u00edka sp\u013a\u0148aj\u00fa to, \u017ee sa \u010dlovek pot\u00ed, ale z\u00e1rove\u0148 nesmrd\u00ed a pekne vonia. Neobsahuj\u00fa hlin\u00edk a s\u00fa pre \u010dloveka ne\u0161kodn\u00e9. Ka\u017ed\u00fd z n\u00e1s by mal dba\u0165 na to, aby si ned\u00e1val nielen do tela, ale aj na\u0148 \u017eiadne zbyto\u010dn\u00e9 chemick\u00e9 produkty. Ko\u017ea je najv\u00e4\u010d\u0161\u00ed org\u00e1n \u010dloveka a pr\u00e1ve cez \u0148u n\u00e1m do tela prenik\u00e1 takisto dos\u0165 ne\u017eiad\u00facich l\u00e1tok. Na to sa ve\u013emi \u010dasto zab\u00fada. Mnoho \u013eud\u00ed db\u00e1 na zdrav\u00fa stravu, ale na svoje telo si d\u00e1va kopec zbyto\u010dn\u00fdch chemik\u00e1li\u00ed, ktor\u00fdmi svojmu telu v\u00f4bec nijak nepom\u00e1ha, sk\u00f4r ho za\u0165a\u017euje. A potom sa \u010dudujeme, pre\u010do nie sme v takej forme a zdrav\u00ed ako by sme chceli by\u0165. Ak sa chceme zbavi\u0165 zbyto\u010dn\u00fdch vplyvov chemick\u00fdch l\u00e1tok nemus\u00edme presta\u0165 pou\u017e\u00edva\u0165 v\u0161etky v\u00fddobytky modernej spolo\u010dnosti. Sta\u010d\u00ed si vybera\u0165 to, \u010do pou\u017e\u00edvame. Hlavne, aby sme pou\u017e\u00edvali kvalitn\u00e9 produkty, ktor\u00e9 s\u00fa pr\u00edrodn\u00e9ho charakteru, neza\u0165a\u017euj\u00fa pr\u00edrodu a ani na\u0161e tel\u00e1. Tie sa n\u00e1m potom odv\u010fa\u010dia. Treba sa o ne stara\u0165. Aj o pr\u00edrodu, ktor\u00e1 n\u00e1s obklopuje. Aj my sme jej s\u00fa\u010das\u0165ou, hoci na to \u010dasto zab\u00fadame.                                                                                                                                                                                                                                                                                                                                                                                           4.6\/5 - (5 votes)        "},{"@context":"https:\/\/schema.org\/","@type":"BreadcrumbList","itemListElement":[{"@type":"ListItem","position":1,"name":"Pr\u00edrodn\u00e1 v\u00f4\u0148a","item":"https:\/\/www.bornet.sk\/prirodna-vona\/#breadcrumbitem"}]}]