[{"@context":"https:\/\/schema.org\/","@type":"Article","@id":"https:\/\/www.bornet.sk\/zima-a-moda\/#Article","mainEntityOfPage":"https:\/\/www.bornet.sk\/zima-a-moda\/","headline":"Zima a m\u00f3da","name":"Zima a m\u00f3da","description":"Zau\u017e\u00edvan\u00fd streotyp je, \u017ee v\u00e4\u010d\u0161ina \u017eien st\u00e1le mysl\u00ed len na m\u00f3du. A viete \u010do? Je to pravda, nielen nejak\u00fd stereotyp. Je zvl\u00e1\u0161tne, ak\u00fdm sp\u00f4sobom sa &hellip; ","datePublished":"2017-09-26","dateModified":"2024-02-20","author":{"@type":"Person","@id":"https:\/\/www.bornet.sk\/author\/#Person","name":"","url":"https:\/\/www.bornet.sk\/author\/","identifier":1,"image":{"@type":"ImageObject","@id":"https:\/\/secure.gravatar.com\/avatar\/69bd9b72104e3ccfb6214cbd23cb226f96c6ecf33a2a351fa1d4682235118df3?s=96&d=mm&r=g","url":"https:\/\/secure.gravatar.com\/avatar\/69bd9b72104e3ccfb6214cbd23cb226f96c6ecf33a2a351fa1d4682235118df3?s=96&d=mm&r=g","height":96,"width":96}},"publisher":{"@type":"Organization","name":"bornet.sk","logo":{"@type":"ImageObject","@id":"\/logo.png","url":"\/logo.png","width":600,"height":60}},"image":{"@type":"ImageObject","@id":"https:\/\/www.bornet.sk\/wp-content\/uploads\/img_a283481_w16471_t1511718959.jpg","url":"https:\/\/www.bornet.sk\/wp-content\/uploads\/img_a283481_w16471_t1511718959.jpg","height":0,"width":0},"url":"https:\/\/www.bornet.sk\/zima-a-moda\/","wordCount":414,"articleBody":"Zau\u017e\u00edvan\u00fd streotyp je, \u017ee v\u00e4\u010d\u0161ina \u017eien st\u00e1le mysl\u00ed len na m\u00f3du. A viete \u010do? Je to pravda, nielen nejak\u00fd stereotyp. Je zvl\u00e1\u0161tne, ak\u00fdm sp\u00f4sobom sa m\u00f3da rokmi vyv\u00edja a ako k nej \u017eeny pristupuj\u00fa. Aj tu sa v\u00e4\u010d\u0161inou del\u00edme na skupiny \u013eud\u00ed, ako keby pod\u013ea pr\u00edslu\u0161nosti k jednotliv\u00fdm \u0161t\u00fdlom. Je to jednoducho tak. Sme zameran\u00e9 r\u00f4zne a pod\u013ea toho aj reagujeme. V zime sa v\u0161ak v\u00e4\u010d\u0161inou del\u00edme len na dva typy. S\u00fa tu tie, ktor\u00e9 chc\u00fa by\u0165 za ka\u017ed\u00fa cenu in a obliekaj\u00fa sa pod\u013ea najnov\u0161\u00edch trendov. A potom s\u00fa tu tie, ktor\u00e9 sa oble\u010d\u00fa za snehulia\u010dikov, teda tak, aby im za \u017eiadnu cenu nebola zima. A vy to ako c\u00edtite? E\u0161te je medzi nimi samozrejme hybrid, ktor\u00fd sa raz oblieka ako na m\u00f3lo a raz ako na Sib\u00edr.\u00a0Vrstvenie oble\u010deniaVrstvenie oble\u010denia je modern\u00e9 v ka\u017edom ro\u010dnom obdob\u00ed, hoci je pravdou, \u017ee v zime je asi naj\u00fa\u010dinnej\u0161ie. Nie\u010do tak\u00e9to je v\u0161ak posledn\u00fa dobu skuto\u010dn\u00fdm hitom a pr\u00e1ve v\u010faka tomu m\u00f4\u017eete by\u0165 \u0161t\u00fdlov\u00e1 a naobliekan\u00e1 z\u00e1rove\u0148. Dajte si na seba nieko\u013eko vrstiev a sama uvid\u00edte, ako sa budete c\u00edti\u0165. Nemus\u00edte sa ni\u010doho ob\u00e1va\u0165, preto\u017ee sta\u010d\u00ed len spr\u00e1vna kombin\u00e1cia a budete skuto\u010dnou hviezdou kdeko\u013evek sa len uk\u00e1\u017eete. A n\u00e1hodou, takto oble\u010den\u00e1 budete nielen chr\u00e1nen\u00e1 pred chladom, ale aj skuto\u010dne rozko\u0161n\u00e1.\u00a0\u010ciapka je m\u00f3dny doplnokU\u017e d\u00e1vno neplat\u00ed to, \u017ee \u010diapka je nepriate\u013e. \u010casy, kedy sme \u0161omrali na na\u0161e mamy, ktor\u00e9 n\u00e1s n\u00fatili ich nosi\u0165 s\u00fa u\u017e skuto\u010dne d\u00e1vno za nami. A pr\u00e1ve z toho d\u00f4vodu je jasn\u00e9, \u017ee by sme im mali da\u0165 druh\u00fa \u0161ancu. \u010ciapky s\u00fa v dne\u0161nej dobe maxim\u00e1lne popul\u00e1rne. S brmbolcami, elegantn\u00e9, pleten\u00e9, proste ak\u00e9ko\u013evek. Chr\u00e1\u0148te svoju hlavu, ale aj svoje u\u0161i a uvid\u00edte, \u017ee sa v\u00e1m po\u010fakuj\u00fa. Sna\u017ete sa a sama uvid\u00edte, \u017ee v\u00e1m t\u00e1to kombin\u00e1cia bude maxim\u00e1lne vyhovova\u0165.\u00a0Okrem toho v\u0161ak m\u00f4\u017eete stavi\u0165 aj na r\u00f4zne in\u00e9 doplnky, ktor\u00e9 sa nevyhnutne sp\u00e1jaj\u00fa so zimou. S\u00fa to v \u010fal\u0161om rade rukavice a \u0161\u00e1ly. Nepodce\u0148ujte ich \u00fa\u010dinnos\u0165.                                                                                                                                                                                                                                                                                                                                                                                        4.4\/5 - (13 votes)        "},{"@context":"https:\/\/schema.org\/","@type":"BreadcrumbList","itemListElement":[{"@type":"ListItem","position":1,"name":"Zima a m\u00f3da","item":"https:\/\/www.bornet.sk\/zima-a-moda\/#breadcrumbitem"}]}]